{"id":2120,"date":"2013-06-04T10:24:15","date_gmt":"2013-06-04T08:24:15","guid":{"rendered":"http:\/\/blog.nemessanyi.com\/?p=2120"},"modified":"2024-06-12T10:59:35","modified_gmt":"2024-06-12T10:59:35","slug":"2013-junius-3-hetfo","status":"publish","type":"post","link":"https:\/\/nemessanyi.com\/en\/2013-junius-3-hetfo\/","title":{"rendered":"2013. j\u00fanius 3. h\u00e9tf\u0151"},"content":{"rendered":"<p>Az elm\u00falt h\u00e9tv\u00e9g\u00e9re esett a heged\u0171k\u00e9sz\u00edt\u0151 szakma t\u00f6bb jelent\u0151s esem\u00e9nye is. A nemzetk\u00f6zi heged\u0171k\u00e9sz\u00edt\u0151 sz\u00f6vets\u00e9g, az <strong><span style=\"color: #888888;\">EILA<\/span><\/strong> ( http:\/\/www.eila.org\/ )Budapesten tartotta kongresszus\u00e1t.<\/p>\n<p>Egyik f\u0151 t\u00e9m\u00e1juk <strong>Nemess\u00e1nyi S\u00e1muel munk\u00e1ss\u00e1ga<\/strong> volt, ennek alkalm\u00e1b\u00f3l a szakma magyar k\u00e9pvisel\u0151i\u00a0 (k\u00f6zt\u00fck \u00e9n is) megtekinthett\u00fck azt a nyolc Nemess\u00e1nyi heged\u0171t, melyet erre az alkalomra gy\u0171jt\u00f6ttek egybe.\u00a0 Alkalmam volt besz\u00e9lgetni Benedek P\u00e9terrel, aki az <em>Ungarischer Geigenbau<\/em> c\u00edm\u0171 k\u00f6nyv szerz\u0151je. Ez a k\u00f6nyv megtal\u00e1lhat\u00f3 szinte valamennyi eur\u00f3pai \u00e9rt\u00e9kbecsl\u0151 \u00e9s hangszerk\u00e9sz\u00edt\u0151 polc\u00e1n.<\/p>\n<p>Nagyon \u00f6r\u00fcl\u00f6k, hogy szem\u00e9lyesen is megismerhettem a Kanad\u00e1ban \u00e9l\u0151 Rem\u00e9nyi Mih\u00e1lyt, aki a nagy hangszer\u00e9sz csal\u00e1d lesz\u00e1rmazottja \u00e9s a hagyom\u00e1ny tov\u00e1bbviv\u0151je. A Rem\u00e9nyi csal\u00e1d, nemzetk\u00f6zi ismerts\u00e9g\u0171 heged\u0171k\u00e9sz\u00edt\u0151 dinasztia, a Magyar hangszerk\u00e9sz\u00edt\u00e9s nagy id\u0151szak\u00e1nak egyik utols\u00f3, kiemelked\u0151 jelent\u0151s\u00e9g\u0171 csal\u00e1dja. \u00dcgyfeleik k\u00f6z\u00e9 tartoztak a kor legnevesebb el\u0151ad\u00f3i, zenekarai, a vil\u00e1g minden t\u00e1j\u00e1r\u00f3l \u2013 azon hangszer\u00e9szek k\u00f6z\u00e9 tartoztak, akik megkapt\u00e1k a kir\u00e1lyi besz\u00e1ll\u00edt\u00f3i c\u00edmet. M\u0171hely\u00fck, manufakt\u00far\u00e1juk a Kir\u00e1ly utc\u00e1ban m\u0171k\u00f6d\u00f6tt, amelyet Rem\u00e9nyi Mih\u00e1ly heged\u0171k\u00e9sz\u00edt\u0151 mester alap\u00edtott, 1890-ben.A csal\u00e1d 1959-ben emigr\u00e1lt Kanad\u00e1ba, ahol a mai napig jelent\u0151s hangszer\u00fczlet h\u00e1zat m\u0171k\u00f6dtetnek, Remenyi House of Music n\u00e9ven. Rem\u00e9nyi Mih\u00e1lynak \u00e9s a Rem\u00e9nyi csal\u00e1dnak \u00e1ll\u00edtott eml\u00e9kt\u00e1bl\u00e1t a VI. Ker\u00fcleti \u00d6nkorm\u00e1nyzat, az Iparkamara \u00e9s a hazai hangszer\u00e9sz t\u00e1rsadalom. Az eml\u00e9kt\u00e1bl\u00e1t \u00fcnnep\u00e9lyes keretek k\u00f6z\u00f6tt 2013. j\u00fanius 1-\u00e9n, szombaton, 12.30-kor, a Kir\u00e1ly u. 58. sz\u00e1m el\u0151tt avatt\u00e1k fel.<\/p>\n<p>\u00c9s erre a h\u00e9tv\u00e9g\u00e9re esett a Magyar Heged\u0171 \u00dcnnepe c. heged\u0171ki\u00e1ll\u00edt\u00e1s is.<\/p>\n<figure id=\"attachment_2121\" aria-describedby=\"caption-attachment-2121\" style=\"width: 300px\" class=\"wp-caption alignnone\"><a href=\"https:\/\/mldehouz201p.i.optimole.com\/cb:Nyrx.10385\/w:auto\/h:auto\/q:mauto\/ig:avif\/https:\/\/nemessanyi.com\/wp-content\/uploads\/2013\/06\/web-3.jpg\"><img data-opt-id=1334671878  fetchpriority=\"high\" decoding=\"async\" class=\"size-medium wp-image-2121\" title=\"a rendezv\u00e9ny plak\u00e1tja \u00e9s programja\" src=\"https:\/\/mldehouz201p.i.optimole.com\/cb:Nyrx.10385\/w:300\/h:193\/q:mauto\/ig:avif\/https:\/\/nemessanyi.com\/wp-content\/uploads\/2013\/06\/web-3.jpg\" alt=\"a rendezv\u00e9ny plak\u00e1tja \u00e9s programja\" width=\"300\" height=\"193\" srcset=\"https:\/\/mldehouz201p.i.optimole.com\/cb:Nyrx.10385\/w:300\/h:193\/q:mauto\/ig:avif\/https:\/\/nemessanyi.com\/wp-content\/uploads\/2013\/06\/web-3.jpg 300w, https:\/\/mldehouz201p.i.optimole.com\/cb:Nyrx.10385\/w:480\/h:309\/q:mauto\/ig:avif\/https:\/\/nemessanyi.com\/wp-content\/uploads\/2013\/06\/web-3.jpg 480w\" sizes=\"(max-width: 300px) 100vw, 300px\" \/><\/a><figcaption id=\"caption-attachment-2121\" class=\"wp-caption-text\">a rendezv\u00e9ny plak\u00e1tja \u00e9s programja<\/figcaption><\/figure>\n<p>B\u00e1r j\u00f3magam nem \u00e1ll\u00edtottam ki, de sok kedves koll\u00e9g\u00e1m munk\u00e1j\u00e1t megcsod\u00e1lhattam, \u00e9s j\u00f3 volt vel\u00fck elbesz\u00e9lgetni. Sajn\u00e1latos tapasztalatom azonban ezekkel a ki\u00e1ll\u00edt\u00e1sokkal kapcsolatban, hogy akaratunk ellen\u00e9re belterjesre sikerednek, nincs el\u00e9g felhaszn\u00e1l\u00f3i \u00e9rdekl\u0151d\u00e9s. Ritka alkalom, hogy lehet\u0151s\u00e9ge legyen valakinek a szakma legjobbjainak munk\u00e1it egy helyen megn\u00e9zni, k\u00e9zbe venni \u00e9s megsz\u00f3laltatni. Sz\u00e1momra \u00e9rthetetlen, hogy a zen\u00e9vel komolyabban foglalkoz\u00f3k: zenetan\u00e1rok, szakk\u00f6z\u00e9piskol\u00e1sok, zeneakad\u00e9mist\u00e1k mi\u00e9rt nem \u00e9lnek ezzel a lehet\u0151s\u00e9ggel. Kinek k\u00e9sz\u00fclnek akkor ezek a mesterm\u0171vek?<\/p>","protected":false},"excerpt":{"rendered":"<p>Az elm\u00falt h\u00e9tv\u00e9g\u00e9re esett a heged\u0171k\u00e9sz\u00edt\u0151 szakma t\u00f6bb jelent\u0151s esem\u00e9nye is. A nemzetk\u00f6zi heged\u0171k\u00e9sz\u00edt\u0151 sz\u00f6vets\u00e9g, az EILA ( http:\/\/www.eila.org\/ )Budapesten tartotta kongresszus\u00e1t. Egyik f\u0151 t\u00e9m\u00e1juk Nemess\u00e1nyi S\u00e1muel munk\u00e1ss\u00e1ga volt, ennek alkalm\u00e1b\u00f3l a szakma magyar k\u00e9pvisel\u0151i\u00a0 (k\u00f6zt\u00fck \u00e9n is) megtekinthett\u00fck azt a nyolc Nemess\u00e1nyi heged\u0171t, melyet erre az alkalomra gy\u0171jt\u00f6ttek egybe.\u00a0 Alkalmam volt besz\u00e9lgetni Benedek P\u00e9terrel, [&hellip;]<\/p>","protected":false},"author":3,"featured_media":8507,"comment_status":"closed","ping_status":"open","sticky":false,"template":"","format":"standard","meta":{"footnotes":""},"categories":[478],"tags":[477],"class_list":["post-2120","post","type-post","status-publish","format-standard","has-post-thumbnail","hentry","category-exhibitions","tag-kiallitas"],"_links":{"self":[{"href":"https:\/\/nemessanyi.com\/en\/wp-json\/wp\/v2\/posts\/2120","targetHints":{"allow":["GET"]}}],"collection":[{"href":"https:\/\/nemessanyi.com\/en\/wp-json\/wp\/v2\/posts"}],"about":[{"href":"https:\/\/nemessanyi.com\/en\/wp-json\/wp\/v2\/types\/post"}],"author":[{"embeddable":true,"href":"https:\/\/nemessanyi.com\/en\/wp-json\/wp\/v2\/users\/3"}],"replies":[{"embeddable":true,"href":"https:\/\/nemessanyi.com\/en\/wp-json\/wp\/v2\/comments?post=2120"}],"version-history":[{"count":1,"href":"https:\/\/nemessanyi.com\/en\/wp-json\/wp\/v2\/posts\/2120\/revisions"}],"predecessor-version":[{"id":13928,"href":"https:\/\/nemessanyi.com\/en\/wp-json\/wp\/v2\/posts\/2120\/revisions\/13928"}],"wp:featuredmedia":[{"embeddable":true,"href":"https:\/\/nemessanyi.com\/en\/wp-json\/wp\/v2\/media\/8507"}],"wp:attachment":[{"href":"https:\/\/nemessanyi.com\/en\/wp-json\/wp\/v2\/media?parent=2120"}],"wp:term":[{"taxonomy":"category","embeddable":true,"href":"https:\/\/nemessanyi.com\/en\/wp-json\/wp\/v2\/categories?post=2120"},{"taxonomy":"post_tag","embeddable":true,"href":"https:\/\/nemessanyi.com\/en\/wp-json\/wp\/v2\/tags?post=2120"}],"curies":[{"name":"wp","href":"https:\/\/api.w.org\/{rel}","templated":true}]}}