{"id":1549,"date":"2012-04-21T08:54:48","date_gmt":"2012-04-21T06:54:48","guid":{"rendered":"http:\/\/blog.nemessanyi.com\/?p=1549"},"modified":"2024-06-12T11:00:18","modified_gmt":"2024-06-12T11:00:18","slug":"2012-aprilis-20-pentek","status":"publish","type":"post","link":"https:\/\/nemessanyi.com\/en\/2012-aprilis-20-pentek\/","title":{"rendered":"2012 \u00e1prilis 20 p\u00e9ntek"},"content":{"rendered":"<p>Igen nagy ig\u00e9ny van a csell\u00f3k ir\u00e1nt ism\u00e9t. Sokan szeretn\u00e9nek b\u00e9relni. Egy h\u00e9t alatt 5 k\u00e9r\u00e9s \u00e9rkezett csell\u00f3k b\u00e9rlete ir\u00e1nt.<\/p>\n<p>Kedves (rem\u00e9lem) leend\u0151 \u00a0b\u00e9rl\u0151im. Kis t\u00fcrelmet k\u00e9rek, a csell\u00f3k beszerz\u00e9s\u00e9t elkezdtem, de n\u00e9h\u00e1ny h\u00e9tre sz\u00fcks\u00e9gem lesz, hogy mindenkinek jusson&#8230;<\/p>\n<p>Ma egyet befejeztem, m\u00e9gpedig azt a hangszert, amelyik olyan rettent\u0151en \u00f6ssz evolt t\u00f6rve. \u00cdme:<\/p>\n<figure id=\"attachment_1552\" aria-describedby=\"caption-attachment-1552\" style=\"width: 285px\" class=\"wp-caption alignnone\"><a href=\"https:\/\/mldehouz201p.i.optimole.com\/cb:Nyrx.10385\/w:auto\/h:auto\/q:mauto\/ig:avif\/https:\/\/nemessanyi.com\/wp-content\/uploads\/2012\/04\/web-51.jpg\"><img data-opt-id=472650897  fetchpriority=\"high\" decoding=\"async\" class=\"size-full wp-image-1552\" title=\"tet\u0151 jav\u00edt\u00e1s ut\u00e1n\" src=\"https:\/\/mldehouz201p.i.optimole.com\/cb:Nyrx.10385\/w:auto\/h:auto\/q:mauto\/ig:avif\/https:\/\/nemessanyi.com\/wp-content\/uploads\/2012\/04\/web-51.jpg\" alt=\"\" width=\"285\" height=\"213\" \/><\/a><figcaption id=\"caption-attachment-1552\" class=\"wp-caption-text\">tet\u0151 jav\u00edt\u00e1s ut\u00e1n<\/figcaption><\/figure>\n<p>Az\u00f3ta m\u00e1r gazd\u00e1ja is lett&#8230;<\/p>\n<p>&nbsp;<\/p>","protected":false},"excerpt":{"rendered":"<p>Igen nagy ig\u00e9ny van a csell\u00f3k ir\u00e1nt ism\u00e9t. Sokan szeretn\u00e9nek b\u00e9relni. Egy h\u00e9t alatt 5 k\u00e9r\u00e9s \u00e9rkezett csell\u00f3k b\u00e9rlete ir\u00e1nt. Kedves (rem\u00e9lem) leend\u0151 \u00a0b\u00e9rl\u0151im. Kis t\u00fcrelmet k\u00e9rek, a csell\u00f3k beszerz\u00e9s\u00e9t elkezdtem, de n\u00e9h\u00e1ny h\u00e9tre sz\u00fcks\u00e9gem lesz, hogy mindenkinek jusson&#8230; Ma egyet befejeztem, m\u00e9gpedig azt a hangszert, amelyik olyan rettent\u0151en \u00f6ssz evolt t\u00f6rve. \u00cdme: Az\u00f3ta m\u00e1r [&hellip;]<\/p>","protected":false},"author":3,"featured_media":8507,"comment_status":"closed","ping_status":"open","sticky":false,"template":"","format":"standard","meta":{"footnotes":""},"categories":[465,452],"tags":[466],"class_list":["post-1549","post","type-post","status-publish","format-standard","has-post-thumbnail","hentry","category-csello","category-hangszerek","tag-csello-javitas"],"_links":{"self":[{"href":"https:\/\/nemessanyi.com\/en\/wp-json\/wp\/v2\/posts\/1549","targetHints":{"allow":["GET"]}}],"collection":[{"href":"https:\/\/nemessanyi.com\/en\/wp-json\/wp\/v2\/posts"}],"about":[{"href":"https:\/\/nemessanyi.com\/en\/wp-json\/wp\/v2\/types\/post"}],"author":[{"embeddable":true,"href":"https:\/\/nemessanyi.com\/en\/wp-json\/wp\/v2\/users\/3"}],"replies":[{"embeddable":true,"href":"https:\/\/nemessanyi.com\/en\/wp-json\/wp\/v2\/comments?post=1549"}],"version-history":[{"count":1,"href":"https:\/\/nemessanyi.com\/en\/wp-json\/wp\/v2\/posts\/1549\/revisions"}],"predecessor-version":[{"id":14041,"href":"https:\/\/nemessanyi.com\/en\/wp-json\/wp\/v2\/posts\/1549\/revisions\/14041"}],"wp:featuredmedia":[{"embeddable":true,"href":"https:\/\/nemessanyi.com\/en\/wp-json\/wp\/v2\/media\/8507"}],"wp:attachment":[{"href":"https:\/\/nemessanyi.com\/en\/wp-json\/wp\/v2\/media?parent=1549"}],"wp:term":[{"taxonomy":"category","embeddable":true,"href":"https:\/\/nemessanyi.com\/en\/wp-json\/wp\/v2\/categories?post=1549"},{"taxonomy":"post_tag","embeddable":true,"href":"https:\/\/nemessanyi.com\/en\/wp-json\/wp\/v2\/tags?post=1549"}],"curies":[{"name":"wp","href":"https:\/\/api.w.org\/{rel}","templated":true}]}}