{"id":1541,"date":"2012-04-17T18:12:15","date_gmt":"2012-04-17T16:12:15","guid":{"rendered":"http:\/\/blog.nemessanyi.com\/?p=1541"},"modified":"2024-06-12T11:00:19","modified_gmt":"2024-06-12T11:00:19","slug":"2012-aprilis-17-kedd","status":"publish","type":"post","link":"https:\/\/nemessanyi.com\/en\/2012-aprilis-17-kedd\/","title":{"rendered":"2012. \u00e1prilis 17. kedd"},"content":{"rendered":"<p>M\u00falt h\u00e9ten \u00edrtam m\u00e1r az \u00f6reg csell\u00f3r\u00f3l, amin nagy jav\u00edt\u00e1st v\u00e9geztem. Elk\u00e9sz\u00fclt, itt van r\u00f3la egy k\u00e9p:<\/p>\n<figure id=\"attachment_1542\" aria-describedby=\"caption-attachment-1542\" style=\"width: 172px\" class=\"wp-caption alignnone\"><a href=\"https:\/\/mldehouz201p.i.optimole.com\/cb:Nyrx.10385\/w:auto\/h:auto\/q:mauto\/ig:avif\/https:\/\/nemessanyi.com\/wp-content\/uploads\/2012\/04\/web-7.jpg\"><img data-opt-id=1629974652  fetchpriority=\"high\" decoding=\"async\" class=\"size-full wp-image-1542\" title=\"\u00f6reg csell\u00f3\" src=\"https:\/\/mldehouz201p.i.optimole.com\/cb:Nyrx.10385\/w:auto\/h:auto\/q:mauto\/ig:avif\/https:\/\/nemessanyi.com\/wp-content\/uploads\/2012\/04\/web-7.jpg\" alt=\"\u00f6reg csell\u00f3\" width=\"172\" height=\"342\" srcset=\"https:\/\/mldehouz201p.i.optimole.com\/cb:Nyrx.10385\/w:172\/h:342\/q:mauto\/ig:avif\/https:\/\/nemessanyi.com\/wp-content\/uploads\/2012\/04\/web-7.jpg 172w, https:\/\/mldehouz201p.i.optimole.com\/cb:Nyrx.10385\/w:151\/h:300\/q:mauto\/ig:avif\/https:\/\/nemessanyi.com\/wp-content\/uploads\/2012\/04\/web-7.jpg 151w\" sizes=\"(max-width: 172px) 100vw, 172px\" \/><\/a><figcaption id=\"caption-attachment-1542\" class=\"wp-caption-text\">\u00f6reg csell\u00f3<\/figcaption><\/figure>\n<p>A mai napt\u00f3l \u00faj \u00e1raink lesznek, amit a jav\u00edt\u00e1s oldalon tett\u00fcnk k\u00f6zz\u00e9.<\/p>\n<p>&nbsp;<\/p>","protected":false},"excerpt":{"rendered":"<p>M\u00falt h\u00e9ten \u00edrtam m\u00e1r az \u00f6reg csell\u00f3r\u00f3l, amin nagy jav\u00edt\u00e1st v\u00e9geztem. Elk\u00e9sz\u00fclt, itt van r\u00f3la egy k\u00e9p: A mai napt\u00f3l \u00faj \u00e1raink lesznek, amit a jav\u00edt\u00e1s oldalon tett\u00fcnk k\u00f6zz\u00e9. &nbsp;<\/p>","protected":false},"author":3,"featured_media":8507,"comment_status":"closed","ping_status":"open","sticky":false,"template":"","format":"standard","meta":{"footnotes":""},"categories":[465,452],"tags":[466],"class_list":["post-1541","post","type-post","status-publish","format-standard","has-post-thumbnail","hentry","category-csello","category-hangszerek","tag-csello-javitas"],"_links":{"self":[{"href":"https:\/\/nemessanyi.com\/en\/wp-json\/wp\/v2\/posts\/1541","targetHints":{"allow":["GET"]}}],"collection":[{"href":"https:\/\/nemessanyi.com\/en\/wp-json\/wp\/v2\/posts"}],"about":[{"href":"https:\/\/nemessanyi.com\/en\/wp-json\/wp\/v2\/types\/post"}],"author":[{"embeddable":true,"href":"https:\/\/nemessanyi.com\/en\/wp-json\/wp\/v2\/users\/3"}],"replies":[{"embeddable":true,"href":"https:\/\/nemessanyi.com\/en\/wp-json\/wp\/v2\/comments?post=1541"}],"version-history":[{"count":1,"href":"https:\/\/nemessanyi.com\/en\/wp-json\/wp\/v2\/posts\/1541\/revisions"}],"predecessor-version":[{"id":14043,"href":"https:\/\/nemessanyi.com\/en\/wp-json\/wp\/v2\/posts\/1541\/revisions\/14043"}],"wp:featuredmedia":[{"embeddable":true,"href":"https:\/\/nemessanyi.com\/en\/wp-json\/wp\/v2\/media\/8507"}],"wp:attachment":[{"href":"https:\/\/nemessanyi.com\/en\/wp-json\/wp\/v2\/media?parent=1541"}],"wp:term":[{"taxonomy":"category","embeddable":true,"href":"https:\/\/nemessanyi.com\/en\/wp-json\/wp\/v2\/categories?post=1541"},{"taxonomy":"post_tag","embeddable":true,"href":"https:\/\/nemessanyi.com\/en\/wp-json\/wp\/v2\/tags?post=1541"}],"curies":[{"name":"wp","href":"https:\/\/api.w.org\/{rel}","templated":true}]}}