{"id":13384,"date":"2010-12-14T20:45:30","date_gmt":"2010-12-14T19:45:30","guid":{"rendered":"http:\/\/blog.nemessanyi.com\/?p=685"},"modified":"2024-06-12T11:01:18","modified_gmt":"2024-06-12T11:01:18","slug":"2010-december-14-kedd","status":"publish","type":"post","link":"https:\/\/nemessanyi.com\/en\/2010-december-14-kedd\/","title":{"rendered":"2010 december 14 kedd"},"content":{"rendered":"<p>Ma tov\u00e1bb tiszt\u00e1ztam a Bitternmann git\u00e1rt:<\/p>\n<figure id=\"attachment_686\" aria-describedby=\"caption-attachment-686\" style=\"width: 256px\" class=\"wp-caption alignnone\"><a href=\"https:\/\/mldehouz201p.i.optimole.com\/cb:Nyrx.10385\/w:auto\/h:auto\/q:mauto\/ig:avif\/https:\/\/nemessanyi.com\/wp-content\/uploads\/2010\/12\/web-31.jpg\"><img data-opt-id=769097740  fetchpriority=\"high\" decoding=\"async\" class=\"size-full wp-image-686\" title=\"h\u00fartart\u00f3 csavarokkal\" src=\"https:\/\/mldehouz201p.i.optimole.com\/cb:Nyrx.10385\/w:auto\/h:auto\/q:mauto\/ig:avif\/https:\/\/nemessanyi.com\/wp-content\/uploads\/2010\/12\/web-31.jpg\" alt=\"h\u00fartart\u00f3 csavarokkal\" width=\"256\" height=\"192\" \/><\/a><figcaption id=\"caption-attachment-686\" class=\"wp-caption-text\">h\u00fartart\u00f3 csavarokkal<\/figcaption><\/figure>\n<p>Ezek a csavarok h\u00fazt\u00e1k oda alatta a gerend\u00e1t. Ezzel siker\u00fclt el\u00e9rni a tet\u0151n a huplikat.<\/p>\n<figure id=\"attachment_687\" aria-describedby=\"caption-attachment-687\" style=\"width: 256px\" class=\"wp-caption alignnone\"><a href=\"https:\/\/mldehouz201p.i.optimole.com\/cb:Nyrx.10385\/w:auto\/h:auto\/q:mauto\/ig:avif\/https:\/\/nemessanyi.com\/wp-content\/uploads\/2010\/12\/web-4.jpg\"><img data-opt-id=525242181  fetchpriority=\"high\" decoding=\"async\" class=\"size-full wp-image-687\" title=\"szakszer\u0171tlen gerend\u00e1k \u00e9s a luk ahol a csavar tartotta\" src=\"https:\/\/mldehouz201p.i.optimole.com\/cb:Nyrx.10385\/w:auto\/h:auto\/q:mauto\/ig:avif\/https:\/\/nemessanyi.com\/wp-content\/uploads\/2010\/12\/web-4.jpg\" alt=\"szakszer\u0171tlen gerend\u00e1k \u00e9s a luk ahol a csavar tartotta\" width=\"256\" height=\"192\" \/><\/a><figcaption id=\"caption-attachment-687\" class=\"wp-caption-text\">szakszer\u0171tlen gerend\u00e1k \u00e9s a luk ahol a csavar tartotta<\/figcaption><\/figure>\n<p>MA hoztak egy gerendat\u00f6r\u00f6tt csell\u00f3t is:<\/p>\n<figure id=\"attachment_688\" aria-describedby=\"caption-attachment-688\" style=\"width: 256px\" class=\"wp-caption alignnone\"><a href=\"https:\/\/mldehouz201p.i.optimole.com\/cb:Nyrx.10385\/w:auto\/h:auto\/q:mauto\/ig:avif\/https:\/\/nemessanyi.com\/wp-content\/uploads\/2010\/12\/web-15.jpg\"><img data-opt-id=1350660381  data-opt-src=\"https:\/\/mldehouz201p.i.optimole.com\/cb:Nyrx.10385\/w:auto\/h:auto\/q:mauto\/ig:avif\/https:\/\/nemessanyi.com\/wp-content\/uploads\/2010\/12\/web-15.jpg\"  decoding=\"async\" class=\"size-full wp-image-688\" title=\"gerendat\u00f6r\u00e9s oldalr\u00f3l\" src=\"data:image/svg+xml,%3Csvg%20viewBox%3D%220%200%20100%%20100%%22%20width%3D%22100%%22%20height%3D%22100%%22%20xmlns%3D%22http%3A%2F%2Fwww.w3.org%2F2000%2Fsvg%22%3E%3Crect%20width%3D%22100%%22%20height%3D%22100%%22%20fill%3D%22transparent%22%2F%3E%3C%2Fsvg%3E\" alt=\"gerendat\u00f6r\u00e9s oldalr\u00f3l\" width=\"256\" height=\"192\" \/><\/a><figcaption id=\"caption-attachment-688\" class=\"wp-caption-text\">gerendat\u00f6r\u00e9s oldalr\u00f3l<\/figcaption><\/figure>\n<figure id=\"attachment_689\" aria-describedby=\"caption-attachment-689\" style=\"width: 256px\" class=\"wp-caption alignnone\"><a href=\"https:\/\/mldehouz201p.i.optimole.com\/cb:Nyrx.10385\/w:auto\/h:auto\/q:mauto\/ig:avif\/https:\/\/nemessanyi.com\/wp-content\/uploads\/2010\/12\/web-23.jpg\"><img data-opt-id=1428016502  data-opt-src=\"https:\/\/mldehouz201p.i.optimole.com\/cb:Nyrx.10385\/w:auto\/h:auto\/q:mauto\/ig:avif\/https:\/\/nemessanyi.com\/wp-content\/uploads\/2010\/12\/web-23.jpg\"  loading=\"lazy\" decoding=\"async\" class=\"size-full wp-image-689\" title=\"gerendat\u00f6r\u00e9s bel\u00fclr\u0151l\" src=\"data:image/svg+xml,%3Csvg%20viewBox%3D%220%200%20100%%20100%%22%20width%3D%22100%%22%20height%3D%22100%%22%20xmlns%3D%22http%3A%2F%2Fwww.w3.org%2F2000%2Fsvg%22%3E%3Crect%20width%3D%22100%%22%20height%3D%22100%%22%20fill%3D%22transparent%22%2F%3E%3C%2Fsvg%3E\" alt=\"gerendat\u00f6r\u00e9s bel\u00fclr\u0151l\" width=\"256\" height=\"192\" \/><\/a><figcaption id=\"caption-attachment-689\" class=\"wp-caption-text\">gerendat\u00f6r\u00e9s bel\u00fclr\u0151l<\/figcaption><\/figure>","protected":false},"excerpt":{"rendered":"<p>Ma tov\u00e1bb tiszt\u00e1ztam a Bitternmann git\u00e1rt: Ezek a csavarok h\u00fazt\u00e1k oda alatta a gerend\u00e1t. Ezzel siker\u00fclt el\u00e9rni a tet\u0151n a huplikat. MA hoztak egy gerendat\u00f6r\u00f6tt csell\u00f3t is:<\/p>","protected":false},"author":3,"featured_media":8507,"comment_status":"closed","ping_status":"open","sticky":false,"template":"","format":"standard","meta":{"footnotes":""},"categories":[465,471,452],"tags":[466,475],"class_list":["post-13384","post","type-post","status-publish","format-standard","has-post-thumbnail","hentry","category-csello","category-gitar","category-hangszerek","tag-csello-javitas","tag-gitar-javitas"],"_links":{"self":[{"href":"https:\/\/nemessanyi.com\/en\/wp-json\/wp\/v2\/posts\/13384","targetHints":{"allow":["GET"]}}],"collection":[{"href":"https:\/\/nemessanyi.com\/en\/wp-json\/wp\/v2\/posts"}],"about":[{"href":"https:\/\/nemessanyi.com\/en\/wp-json\/wp\/v2\/types\/post"}],"author":[{"embeddable":true,"href":"https:\/\/nemessanyi.com\/en\/wp-json\/wp\/v2\/users\/3"}],"replies":[{"embeddable":true,"href":"https:\/\/nemessanyi.com\/en\/wp-json\/wp\/v2\/comments?post=13384"}],"version-history":[{"count":1,"href":"https:\/\/nemessanyi.com\/en\/wp-json\/wp\/v2\/posts\/13384\/revisions"}],"predecessor-version":[{"id":14197,"href":"https:\/\/nemessanyi.com\/en\/wp-json\/wp\/v2\/posts\/13384\/revisions\/14197"}],"wp:featuredmedia":[{"embeddable":true,"href":"https:\/\/nemessanyi.com\/en\/wp-json\/wp\/v2\/media\/8507"}],"wp:attachment":[{"href":"https:\/\/nemessanyi.com\/en\/wp-json\/wp\/v2\/media?parent=13384"}],"wp:term":[{"taxonomy":"category","embeddable":true,"href":"https:\/\/nemessanyi.com\/en\/wp-json\/wp\/v2\/categories?post=13384"},{"taxonomy":"post_tag","embeddable":true,"href":"https:\/\/nemessanyi.com\/en\/wp-json\/wp\/v2\/tags?post=13384"}],"curies":[{"name":"wp","href":"https:\/\/api.w.org\/{rel}","templated":true}]}}