{"id":13380,"date":"2010-12-07T13:40:59","date_gmt":"2010-12-07T12:40:59","guid":{"rendered":"http:\/\/blog.nemessanyi.com\/?p=660"},"modified":"2024-06-12T11:01:19","modified_gmt":"2024-06-12T11:01:19","slug":"2010-december-7-kedd","status":"publish","type":"post","link":"https:\/\/nemessanyi.com\/en\/2010-december-7-kedd\/","title":{"rendered":"2010 december 7 kedd"},"content":{"rendered":"<p>A tegnap eml\u00edtett heged\u0171r\u0151l tenn\u00e9k ide n\u00e9h\u00e1ny<\/p>\n<figure id=\"attachment_661\" aria-describedby=\"caption-attachment-661\" style=\"width: 256px\" class=\"wp-caption alignnone\"><a href=\"https:\/\/mldehouz201p.i.optimole.com\/cb:Nyrx.10385\/w:auto\/h:auto\/q:mauto\/ig:avif\/https:\/\/nemessanyi.com\/wp-content\/uploads\/2010\/12\/web-11.jpg\"><img data-opt-id=986219712  fetchpriority=\"high\" decoding=\"async\" class=\"size-full wp-image-661\" title=\" a h\u00e1t sz\u00e9tny\u00edlt\" src=\"https:\/\/mldehouz201p.i.optimole.com\/cb:Nyrx.10385\/w:auto\/h:auto\/q:mauto\/ig:avif\/https:\/\/nemessanyi.com\/wp-content\/uploads\/2010\/12\/web-11.jpg\" alt=\" a h\u00e1t sz\u00e9tny\u00edlt\" width=\"256\" height=\"192\" \/><\/a><figcaption id=\"caption-attachment-661\" class=\"wp-caption-text\">a h\u00e1t sz\u00e9tny\u00edlt<\/figcaption><\/figure>\n<p>fot\u00f3t. Ez egy el\u00e9g sz\u00e9p heged\u0171,nem tudom,kinek a munk\u00e1ja. A cimke JAcob Stainer munk\u00e1j\u00e1nak hirdeti. Az biztos,hogy nem Stainer heged\u0171.<\/p>\n<figure id=\"attachment_662\" aria-describedby=\"caption-attachment-662\" style=\"width: 256px\" class=\"wp-caption alignnone\"><a href=\"https:\/\/mldehouz201p.i.optimole.com\/cb:Nyrx.10385\/w:auto\/h:auto\/q:mauto\/ig:avif\/https:\/\/nemessanyi.com\/wp-content\/uploads\/2010\/12\/web-21.jpg\"><img data-opt-id=557894768  fetchpriority=\"high\" decoding=\"async\" class=\"size-full wp-image-662\" title=\"a tet\u0151n sok jav\u00edt\u00e1s van\" src=\"https:\/\/mldehouz201p.i.optimole.com\/cb:Nyrx.10385\/w:auto\/h:auto\/q:mauto\/ig:avif\/https:\/\/nemessanyi.com\/wp-content\/uploads\/2010\/12\/web-21.jpg\" alt=\"a tet\u0151n sok jav\u00edt\u00e1s van\" width=\"256\" height=\"192\" \/><\/a><figcaption id=\"caption-attachment-662\" class=\"wp-caption-text\">a tet\u0151n sok jav\u00edt\u00e1s van<\/figcaption><\/figure>\n<figure id=\"attachment_663\" aria-describedby=\"caption-attachment-663\" style=\"width: 256px\" class=\"wp-caption alignnone\"><a href=\"https:\/\/mldehouz201p.i.optimole.com\/cb:Nyrx.10385\/w:auto\/h:auto\/q:mauto\/ig:avif\/https:\/\/nemessanyi.com\/wp-content\/uploads\/2010\/12\/web-3.jpg\"><img data-opt-id=96105520  data-opt-src=\"https:\/\/mldehouz201p.i.optimole.com\/cb:Nyrx.10385\/w:auto\/h:auto\/q:mauto\/ig:avif\/https:\/\/nemessanyi.com\/wp-content\/uploads\/2010\/12\/web-3.jpg\"  decoding=\"async\" class=\"size-full wp-image-663\" title=\"az als\u00f3 \u00e9s a fels\u0151 t\u0151ke elt\u00f6rt\" src=\"data:image/svg+xml,%3Csvg%20viewBox%3D%220%200%20100%%20100%%22%20width%3D%22100%%22%20height%3D%22100%%22%20xmlns%3D%22http%3A%2F%2Fwww.w3.org%2F2000%2Fsvg%22%3E%3Crect%20width%3D%22100%%22%20height%3D%22100%%22%20fill%3D%22transparent%22%2F%3E%3C%2Fsvg%3E\" alt=\"az als\u00f3 \u00e9s a fels\u0151 t\u0151ke elt\u00f6rt\" width=\"256\" height=\"192\" \/><\/a><figcaption id=\"caption-attachment-663\" class=\"wp-caption-text\">az als\u00f3 \u00e9s a fels\u0151 t\u0151ke elt\u00f6rt<\/figcaption><\/figure>","protected":false},"excerpt":{"rendered":"<p>A tegnap eml\u00edtett heged\u0171r\u0151l tenn\u00e9k ide n\u00e9h\u00e1ny fot\u00f3t. Ez egy el\u00e9g sz\u00e9p heged\u0171,nem tudom,kinek a munk\u00e1ja. A cimke JAcob Stainer munk\u00e1j\u00e1nak hirdeti. Az biztos,hogy nem Stainer heged\u0171.<\/p>","protected":false},"author":3,"featured_media":8507,"comment_status":"closed","ping_status":"open","sticky":false,"template":"","format":"standard","meta":{"footnotes":""},"categories":[452,457],"tags":[470],"class_list":["post-13380","post","type-post","status-publish","format-standard","has-post-thumbnail","hentry","category-hangszerek","category-hegedu","tag-hegedu-javitas"],"_links":{"self":[{"href":"https:\/\/nemessanyi.com\/en\/wp-json\/wp\/v2\/posts\/13380","targetHints":{"allow":["GET"]}}],"collection":[{"href":"https:\/\/nemessanyi.com\/en\/wp-json\/wp\/v2\/posts"}],"about":[{"href":"https:\/\/nemessanyi.com\/en\/wp-json\/wp\/v2\/types\/post"}],"author":[{"embeddable":true,"href":"https:\/\/nemessanyi.com\/en\/wp-json\/wp\/v2\/users\/3"}],"replies":[{"embeddable":true,"href":"https:\/\/nemessanyi.com\/en\/wp-json\/wp\/v2\/comments?post=13380"}],"version-history":[{"count":1,"href":"https:\/\/nemessanyi.com\/en\/wp-json\/wp\/v2\/posts\/13380\/revisions"}],"predecessor-version":[{"id":14201,"href":"https:\/\/nemessanyi.com\/en\/wp-json\/wp\/v2\/posts\/13380\/revisions\/14201"}],"wp:featuredmedia":[{"embeddable":true,"href":"https:\/\/nemessanyi.com\/en\/wp-json\/wp\/v2\/media\/8507"}],"wp:attachment":[{"href":"https:\/\/nemessanyi.com\/en\/wp-json\/wp\/v2\/media?parent=13380"}],"wp:term":[{"taxonomy":"category","embeddable":true,"href":"https:\/\/nemessanyi.com\/en\/wp-json\/wp\/v2\/categories?post=13380"},{"taxonomy":"post_tag","embeddable":true,"href":"https:\/\/nemessanyi.com\/en\/wp-json\/wp\/v2\/tags?post=13380"}],"curies":[{"name":"wp","href":"https:\/\/api.w.org\/{rel}","templated":true}]}}